{"id":6740,"date":"2021-07-03T16:31:03","date_gmt":"2021-07-03T14:31:03","guid":{"rendered":"https:\/\/www.curlynights.com\/?p=6740"},"modified":"2025-08-24T21:04:29","modified_gmt":"2025-08-24T19:04:29","slug":"crash-test-la-coloration-a-la-cire-sur-cheveux-boucles","status":"publish","type":"post","link":"https:\/\/www.curlynights.com\/fr\/crash-test-la-coloration-a-la-cire-sur-cheveux-boucles\/","title":{"rendered":"Crash test : la coloration \u00e0 la cire sur cheveux boucl\u00e9s"},"content":{"rendered":"\n<p>La <strong>coloration \u00e0 la cire<\/strong> \u00e9tait faite pour mes <strong>cheveux boucl\u00e9s<\/strong>. J\u2019ai longtemps voulu colorer mes cheveux. Ayant grandi dans l\u2019<strong>\u00e8re des r\u00e9seaux sociaux<\/strong>, les cheveux color\u00e9s ont toujours \u00e9t\u00e9 tendance que ce soit un simple blond, un roux cannelle ou bien m\u00eame les couleurs les plus extravagantes comme un jaune fluo. Cependant, avec mes cheveux boucl\u00e9s, ce n\u2019\u00e9tait pas une mince affaire. Pour perdre quelques teintes de mon brun fonc\u00e9 habituel, je devais les <strong>d\u00e9colorer<\/strong>. Le processus, \u00e9tant tr\u00e8s <strong>agressif<\/strong>, allait changer la d\u00e9finition de mes boucles. J\u2019en avais la certitude.&nbsp;<\/p>\n\n\n<div class=\"wp-block-image\">\n<figure class=\"aligncenter size-large\"><img fetchpriority=\"high\" decoding=\"async\" width=\"1024\" height=\"683\" src=\"https:\/\/www.curlynights.com\/wp-content\/uploads\/2021\/07\/coloration-a-la-cire-cheveux-boucles-2-1024x683.jpg\" alt=\"\" class=\"wp-image-10729\" srcset=\"https:\/\/www.curlynights.com\/wp-content\/uploads\/2021\/07\/coloration-a-la-cire-cheveux-boucles-2-1024x683.jpg 1024w, https:\/\/www.curlynights.com\/wp-content\/uploads\/2021\/07\/coloration-a-la-cire-cheveux-boucles-2-300x200.jpg 300w, https:\/\/www.curlynights.com\/wp-content\/uploads\/2021\/07\/coloration-a-la-cire-cheveux-boucles-2-768x512.jpg 768w, https:\/\/www.curlynights.com\/wp-content\/uploads\/2021\/07\/coloration-a-la-cire-cheveux-boucles-2-600x400.jpg 600w, https:\/\/www.curlynights.com\/wp-content\/uploads\/2021\/07\/coloration-a-la-cire-cheveux-boucles-2.jpg 1500w\" sizes=\"(max-width: 1024px) 100vw, 1024px\" \/><\/figure><\/div>\n\n\n<p>Apr\u00e8s plusieurs heures sur <em>Instagram<\/em>, une solution s\u2019est impos\u00e9e&nbsp;: la <strong>cire colorante<\/strong>. Cette cire, d\u00e9clin\u00e9e en une <strong>dizaine de couleurs<\/strong> et disponible sur d\u2019innombrables sites internet, avait la propri\u00e9t\u00e9 de <strong>teindre les cheveux temporairement sans les abimer<\/strong>. J\u2019ai donc test\u00e9 cette cire en blond et en violet pour vous&nbsp;!&nbsp;<\/p>\n\n\n\n<h2 class=\"wp-block-heading\">Et la coloration, \u00e7a se passe comment&nbsp;?<\/h2>\n\n\n\n<p>Une <strong>vid\u00e9o Youtube<\/strong> et un <strong>peu d\u2019inventivit\u00e9<\/strong> m\u2019ont permis de colorer mes cheveux de la mani\u00e8re la plus efficace. Je vous dis tout&nbsp;!<\/p>\n\n\n\n<h3 class=\"wp-block-heading\">1.   Le traitement profond sous la douche&nbsp;<\/h3>\n\n\n\n<p>Je me suis munie de mon <strong>shampooing clarifiant<\/strong> afin de nettoyer toute possible accumulation de produit sur mon cuir chevelu. Cette \u00e9tape pass\u00e9e, il faut maintenant appliquer un <strong>traitement profond<\/strong>. J\u2019ai pris la d\u00e9cision d\u2019ajouter un soin \u00e0 cette coloration car, pour \u00eatre franche, je ne savais pas quels seront vraiment les effets de la coloration sur mes cheveux.&nbsp;<\/p>\n\n\n\n<p>Dans un effort de protection, j\u2019ai appliqu\u00e9 mon soin traitement fortifiant et r\u00e9parateur \u00e0 l\u2019huile de ricin noir de Jama\u00efque. Ce soin a agit pendant 30 minutes dans mes cheveux car<strong> un bon traitement profond n\u2019est efficace qu\u2019entre 15 \u00e0 30 minutes<\/strong>.&nbsp;<\/p>\n\n\n<div data-block-name=\"woocommerce\/featured-product\" data-edit-mode=\"false\" data-product-id=\"1751\" class=\"wc-block-featured-product alignnone has-background-dim wp-block-woocommerce-featured-product\" style=\"min-height:500px;\"><div class=\"wc-block-featured-product__wrapper\"><div class=\"background-dim__overlay\" style=\"background-color: #000000\"><\/div><img decoding=\"async\" alt=\"Bonnet douche et soin capillaire r\u00e9versible bleu marine\" class=\"wc-block-featured-product__background-image\" src=\"https:\/\/www.curlynights.com\/wp-content\/uploads\/2019\/08\/2021-31-9-1.jpg\" style=\"object-fit: none;object-position: 50% 50%;\" \/><h2 class=\"wc-block-featured-product__title\">Bonnet douche et soin capillaire r\u00e9versible bleu marine<\/h2><div class=\"wc-block-featured-product__description\"><ul>\n<li>rebord en tissu \u00e9ponge moelleux (70% viscose de bambou, 30% coton)<\/li>\n<li>une face en satin de polyester<\/li>\n<li>une face en tissu imperm\u00e9able<\/li>\n<li>pour la douche et la pose des soins capillaires (masque, bain d&rsquo;huile, pr\u00e9-poo)<\/li>\n<li>lavage en machine \u00e0 30 degr\u00e9s<\/li>\n<\/ul>\n<\/div><div class=\"wc-block-featured-product__price\"><span class=\"woocommerce-Price-amount amount\">45,00&nbsp;<span class=\"woocommerce-Price-currencySymbol\">&euro;<\/span><\/span><\/div><div class=\"wc-block-featured-product__inner-blocks\">\n\n<div class=\"wp-block-buttons is-content-justification-center is-layout-flex wp-container-core-buttons-is-layout-16018d1d wp-block-buttons-is-layout-flex\">\n<div class=\"wp-block-button\"><a class=\"wp-block-button__link wp-element-button\" href=\"https:\/\/www.curlynights.com\/fr\/shop\/bonnet-douche-et-soin-reversible\/\">Jetzt einkaufen<\/a><\/div>\n<\/div>\n\n<\/div><\/div><\/div>\n\n\n<p class=\"has-light-green-cyan-background-color has-background\"><strong>Pro tip&nbsp;!<\/strong>&nbsp;Un traitement profond fonctionne d\u2018autant plus qu\u2019il est <strong>sous la chaleur<\/strong>. Pensez \u00e0 le chauffer jusqu\u2019\u00e0 35 degr\u00e9s, son point de ros\u00e9e,&nbsp;au bain-marie ou au micro-onde&nbsp;pour activer ses propri\u00e9t\u00e9s d\u2019absorption et rendre les cheveux plus doux (et fort si votre soin est ax\u00e9 sur les prot\u00e9ines). Avec le<a href=\"https:\/\/www.curlynights.com\/fr\/shop\/bonnet-douche-et-soin-reversible\"> bonnet de douche et de soin de chez&nbsp;<em>CurlyNights<\/em><\/a>, je n\u2019ai pas eu besoin de redoubler d\u2019efforts. Avec son <strong>rebord en tissu \u00e9ponge moelleux <\/strong>et son <strong>imperm\u00e9abilit\u00e9<\/strong>, aucun goute n\u2019a eu la chance de couler. La chaleur a \u00e9t\u00e9 conserv\u00e9e et les b\u00e9n\u00e9fices du soin ont \u00e9t\u00e9 remarqu\u00e9s.&nbsp;<\/p>\n\n\n\n<h3 class=\"wp-block-heading\">&nbsp;2.   L\u2019application de la cire colorante<\/h3>\n\n\n<div class=\"wp-block-image\">\n<figure class=\"aligncenter size-large is-resized\"><img decoding=\"async\" width=\"1024\" height=\"1024\" src=\"https:\/\/www.curlynights.com\/wp-content\/uploads\/2020\/07\/Capture-d\u2019\u00e9cran-2020-07-24-\u00e0-14.24.43-1024x1024.png\" alt=\"cheveux boucl\u00e9s, teinture, violet, cire, coloration\" class=\"wp-image-6948\" style=\"width:512px;height:512px\" srcset=\"https:\/\/www.curlynights.com\/wp-content\/uploads\/2020\/07\/Capture-d\u2019\u00e9cran-2020-07-24-\u00e0-14.24.43-1024x1024.png 1024w, https:\/\/www.curlynights.com\/wp-content\/uploads\/2020\/07\/Capture-d\u2019\u00e9cran-2020-07-24-\u00e0-14.24.43-300x300.png 300w, https:\/\/www.curlynights.com\/wp-content\/uploads\/2020\/07\/Capture-d\u2019\u00e9cran-2020-07-24-\u00e0-14.24.43-150x150.png 150w, https:\/\/www.curlynights.com\/wp-content\/uploads\/2020\/07\/Capture-d\u2019\u00e9cran-2020-07-24-\u00e0-14.24.43-768x769.png 768w, https:\/\/www.curlynights.com\/wp-content\/uploads\/2020\/07\/Capture-d\u2019\u00e9cran-2020-07-24-\u00e0-14.24.43-600x601.png 600w, https:\/\/www.curlynights.com\/wp-content\/uploads\/2020\/07\/Capture-d\u2019\u00e9cran-2020-07-24-\u00e0-14.24.43-100x100.png 100w, https:\/\/www.curlynights.com\/wp-content\/uploads\/2020\/07\/Capture-d\u2019\u00e9cran-2020-07-24-\u00e0-14.24.43.png 1420w\" sizes=\"(max-width: 1024px) 100vw, 1024px\" \/><\/figure><\/div>\n\n\n<p>Apr\u00e8s <strong>avoir enfil\u00e9 des gants<\/strong>, j\u2019ai s\u00e9par\u00e9 mes cheveux encore mouill\u00e9s en <strong>quatre grosses sections<\/strong>. Mes cheveux ne sont pas tr\u00e8s \u00e9pais et, m\u00eame secs, restent tr\u00e8s plats \u00e0 la racine, sans un volume extraordinaire. Pensez donc \u00e0 s\u00e9parer en 6 ou m\u00eame 8 sections si vous avez les cheveux plus \u00e9pais ou plus volumineux. J\u2019ai ensuite enduit mes cheveux de la <strong>cr\u00e8me la plus nourrissante<\/strong> que je poss\u00e9dais. On passe maintenant \u00e0 la coloration.&nbsp;<\/p>\n\n\n\n<p>Toujours avec des gants aux mains, j\u2019ai \u00e9tal\u00e9 la cire blonde de <strong>mani\u00e8re homog\u00e8ne<\/strong> sur chacune des quatre sections. C\u2019\u00e9tait plut\u00f4t <strong>simple<\/strong> et <strong>rapide<\/strong>. Comme mentionn\u00e9 pr\u00e9c\u00e9demment, mes cheveux sont brun fonc\u00e9. Ayant une l\u00e9g\u00e8re crainte que le blond ne soit pas assez voyant, tout le contenu du pot de cire s\u2019est retrouv\u00e9 sur ma t\u00eate.&nbsp;<\/p>\n\n\n\n<p class=\"has-light-green-cyan-background-color has-background\"><strong>Pro tip&nbsp;!<\/strong>&nbsp;Sachant que c\u2019est un <strong>processus tachant<\/strong>, j\u2019ai pris mes pr\u00e9cautions. Tous les outils \u00e9taient devant moi&nbsp;: la brosse, ma cr\u00e8me, ma gel\u00e9e et mon combo s\u00e8che-cheveux \/ diffuseur. Je vous invite \u00e0 en faire de m\u00eame !&nbsp;<\/p>\n\n\n\n<h3 class=\"wp-block-heading\">3.   On termine la routine&nbsp;<\/h3>\n\n\n\n<p>C\u2019\u00e9tait l\u2019\u00e9tape qui se rapprochait le plus de ma routine capillaire quotidienne habituelle. J\u2019ai pass\u00e9 ma gel\u00e9e dans les cheveux, et je les ai \u00ab&nbsp;froiss\u00e9s&nbsp;\u00bb pour activer mes boucles. Les&nbsp;gants enfin jet\u00e9s, j\u2019ai cl\u00f4tur\u00e9 en diffusant mes cheveux avec mon s\u00e8che-cheveux. <strong>Ma routine et ma coloration \u00e9taient termin\u00e9es.&nbsp;<\/strong><\/p>\n\n\n\n<h2 class=\"wp-block-heading\">R\u00e9sultat, protection, rin\u00e7age&nbsp;: mon ressenti<\/h2>\n\n\n\n<h3 class=\"wp-block-heading\">1.   R\u00e9sultat de la coloration&nbsp;<\/h3>\n\n\n\n<p>Pour un premier essai, le r\u00e9sultat est <strong>satisfaisant<\/strong>. Le blond n\u2019est certes pas aussi accentu\u00e9 qu\u2019un blond r\u00e9alis\u00e9 avec une teinture permanente mais il est tr\u00e8s r\u00e9ussi. Il change de mon brun habituel et c\u2019est vraiment amusant. La cire ne coule pas et ne d\u00e9teint pas sur les doigts comme on pourrait le penser. Avec son processus simple et rapide, je ne vois pas d\u2019inconvenant \u00e0 la cire et serait m\u00eame pr\u00eate \u00e0 la refaire.&nbsp;&nbsp;<\/p>\n\n\n\n<h3 class=\"wp-block-heading\">2.  Prot\u00e9ger sa coloration \u00e0 la cire quand on a les cheveux boucl\u00e9s&nbsp;<\/h3>\n\n\n<div data-block-name=\"woocommerce\/handpicked-products\" data-orderby=\"title\" data-products=\"[1297,1231,2411]\" class=\"wc-block-grid wp-block-handpicked-products wp-block-woocommerce-handpicked-products wc-block-handpicked-products has-3-columns has-multiple-rows\"><ul class=\"wc-block-grid__products\"><li class=\"wc-block-grid__product\">\n\t\t\t\t<a href=\"https:\/\/www.curlynights.com\/fr\/shop\/bonnet-de-nuit-interieur-satin-elastique-uni-bleu-marine\/\" class=\"wc-block-grid__product-link\">\n\t\t\t\t\t\n\t\t\t\t\t<div class=\"wc-block-grid__product-image\"><img decoding=\"async\" width=\"300\" height=\"300\" src=\"https:\/\/www.curlynights.com\/wp-content\/uploads\/2019\/06\/20190630_140910-300x300.jpg\" class=\"attachment-woocommerce_thumbnail size-woocommerce_thumbnail\" alt=\"Bonnet de nuit protecteur de boucles curly nights \u00e9lastique bleu marine\" srcset=\"https:\/\/www.curlynights.com\/wp-content\/uploads\/2019\/06\/20190630_140910-300x300.jpg 300w, https:\/\/www.curlynights.com\/wp-content\/uploads\/2019\/06\/20190630_140910-150x150.jpg 150w, https:\/\/www.curlynights.com\/wp-content\/uploads\/2019\/06\/20190630_140910-768x768.jpg 768w, https:\/\/www.curlynights.com\/wp-content\/uploads\/2019\/06\/20190630_140910-600x600.jpg 600w, https:\/\/www.curlynights.com\/wp-content\/uploads\/2019\/06\/20190630_140910-100x100.jpg 100w, https:\/\/www.curlynights.com\/wp-content\/uploads\/2019\/06\/20190630_140910.jpg 1024w\" sizes=\"(max-width: 300px) 100vw, 300px\" \/><\/div>\n\t\t\t\t\t<div class=\"wc-block-grid__product-title\">Bonnet de nuit int\u00e9rieur satin \u00e9lastique uni bleu marine<\/div>\n\t\t\t\t<\/a>\n\t\t\t\t<div class=\"wc-block-grid__product-price price\"><span class=\"woocommerce-Price-amount amount\">23,00&nbsp;<span class=\"woocommerce-Price-currencySymbol\">&euro;<\/span><\/span><\/div>\n\t\t\t\t\n\t\t\t\t<div class=\"wp-block-button wc-block-grid__product-add-to-cart\"><a href=\"\/fr\/wp-json\/wp\/v2\/posts\/6740?add-to-cart=1297\" aria-label=\"Ajouter au panier\u00a0: &ldquo;Bonnet de nuit int\u00e9rieur satin \u00e9lastique uni bleu marine&rdquo;\" data-quantity=\"1\" data-product_id=\"1297\" data-product_sku=\"\" data-price=\"23\" rel=\"nofollow\" class=\"wp-block-button__link  add_to_cart_button ajax_add_to_cart\">Ajouter au panier<\/a><\/div>\n\t\t\t<\/li><\/ul><\/div>\n\n\n<p><strong>Gr\u00e2ce \u00e0 ma routine et \u00e0 la cire<\/strong>, mes boucl\u00e9s \u00e9taient d\u2019une <strong>d\u00e9finition sans pareille<\/strong> mais moins serr\u00e9es qu\u2019\u00e0 l\u2019accoutum\u00e9e. Cette cire n\u2019est que temporaire, il faut donc la <strong>conserver le plus longtemps possible<\/strong>. \u00c7a passe par une protection la nuit. Avec <a href=\"https:\/\/www.curlynights.com\/fr\/cat\u00e9gorie\/bonnets-fr\/\">le bonnet de nuit&nbsp;<em>Curly Nights<\/em><\/a>, je n\u2019ai eu aucun probl\u00e8me. Ma charlotte de nuit, fabriqu\u00e9e en coton wax avec une doublure en satin, permet de <strong>conserver l\u2019hydratation des cheveux<\/strong> et de <strong>garder des boucles souples et d\u00e9finies<\/strong>.&nbsp;<\/p>\n\n\n\n<p>Ma coloration \u00e0 la cire sur cheveux boucl\u00e9s a dur\u00e9 <strong>pas moins de deux semaines<\/strong> car il fallait bien que je me lave les cheveux. En deux semaines, la couleur \u00e9tait toujours vive et mes cheveux toujours aussi d\u00e9finis gr\u00e2ce au bonnet&nbsp;<em>CurlyNights<\/em>. Apr\u00e8s le rin\u00e7age de la teinture et ma routine capillaire, j\u2019ai remarqu\u00e9 que mes boucles \u00e9taient plus douces, plus volumineuses et plus serr\u00e9es. Mes cheveux avaient re\u00e7u comme une seconde vie. J\u2019ai \u00e9t\u00e9 agr\u00e9ablement surprise.&nbsp;<\/p>\n\n\n\n<h2 class=\"wp-block-heading\">Conclusion<\/h2>\n\n\n\n<p>Beaucoup moins agressive pour les cheveux boucl\u00e9s que les teintures permanentes, cette coloration \u00e0 la cire temporaire est une des meilleures alternatives. Je l\u2019approuve totalement. En suivant ce guide, vous n\u2019allez pas \u00eatre d\u00e9\u00e7ues. Sautez le pas et adopter la coloration \u00e0 la cire. N\u2019oubliez pas de nous partager vos photos&nbsp;sur les r\u00e9seaux sociaux !&nbsp;<\/p>\n","protected":false},"excerpt":{"rendered":"<p>J&rsquo;avais envie de changer de t\u00eate sans ab\u00eemer mes boucles. Apr\u00e8s plusieurs heures sur Instagram, une solution s\u2019est impos\u00e9e : la cire colorante. Cette cire, d\u00e9clin\u00e9e en une dizaine de couleurs et disponible sur d\u2019innombrables sites internet, a la propri\u00e9t\u00e9 de teindre les cheveux temporairement sans les abimer. J\u2019ai donc test\u00e9 cette cire en blond et en violet pour vous ! <\/p>\n","protected":false},"author":158,"featured_media":10729,"comment_status":"closed","ping_status":"closed","sticky":false,"template":"","format":"standard","meta":{"footnotes":""},"categories":[38],"tags":[],"class_list":["post-6740","post","type-post","status-publish","format-standard","has-post-thumbnail","hentry","category-non-classifiee"],"yoast_head":"<!-- This site is optimized with the Yoast SEO plugin v27.4 - https:\/\/yoast.com\/product\/yoast-seo-wordpress\/ -->\n<title>Crash test : la coloration \u00e0 la cire sur cheveux boucl\u00e9s &#8902; Curly Nights<\/title>\n<meta name=\"description\" content=\"La coloration \u00e0 la cire est une bonne alternative pour colorer ses cheveux boucl\u00e9s ou cr\u00e9pus. Avec notre tuto, on vous donne notre avis !\" \/>\n<meta name=\"robots\" content=\"index, follow, max-snippet:-1, max-image-preview:large, max-video-preview:-1\" \/>\n<link rel=\"canonical\" href=\"https:\/\/www.curlynights.com\/fr\/crash-test-la-coloration-a-la-cire-sur-cheveux-boucles\/\" \/>\n<meta property=\"og:locale\" content=\"fr_FR\" \/>\n<meta property=\"og:type\" content=\"article\" \/>\n<meta property=\"og:title\" content=\"Crash test : la coloration \u00e0 la cire sur cheveux boucl\u00e9s &#8902; Curly Nights\" \/>\n<meta property=\"og:description\" content=\"La coloration \u00e0 la cire est une bonne alternative pour colorer ses cheveux boucl\u00e9s ou cr\u00e9pus. Avec notre tuto, on vous donne notre avis !\" \/>\n<meta property=\"og:url\" content=\"https:\/\/www.curlynights.com\/fr\/crash-test-la-coloration-a-la-cire-sur-cheveux-boucles\/\" \/>\n<meta property=\"og:site_name\" content=\"Curly Nights\" \/>\n<meta property=\"article:published_time\" content=\"2021-07-03T14:31:03+00:00\" \/>\n<meta property=\"article:modified_time\" content=\"2025-08-24T19:04:29+00:00\" \/>\n<meta property=\"og:image\" content=\"https:\/\/www.curlynights.com\/wp-content\/uploads\/2021\/07\/coloration-a-la-cire-cheveux-boucles-2.jpg\" \/>\n\t<meta property=\"og:image:width\" content=\"1500\" \/>\n\t<meta property=\"og:image:height\" content=\"1000\" \/>\n\t<meta property=\"og:image:type\" content=\"image\/jpeg\" \/>\n<meta name=\"author\" content=\"Noa Lecaude\" \/>\n<meta name=\"twitter:card\" content=\"summary_large_image\" \/>\n<meta name=\"twitter:label1\" content=\"\u00c9crit par\" \/>\n\t<meta name=\"twitter:data1\" content=\"Noa Lecaude\" \/>\n\t<meta name=\"twitter:label2\" content=\"Dur\u00e9e de lecture estim\u00e9e\" \/>\n\t<meta name=\"twitter:data2\" content=\"6 minutes\" \/>\n<script type=\"application\/ld+json\" class=\"yoast-schema-graph\">{\"@context\":\"https:\\\/\\\/schema.org\",\"@graph\":[{\"@type\":\"Article\",\"@id\":\"https:\\\/\\\/www.curlynights.com\\\/fr\\\/crash-test-la-coloration-a-la-cire-sur-cheveux-boucles\\\/#article\",\"isPartOf\":{\"@id\":\"https:\\\/\\\/www.curlynights.com\\\/fr\\\/crash-test-la-coloration-a-la-cire-sur-cheveux-boucles\\\/\"},\"author\":{\"name\":\"Noa Lecaude\",\"@id\":\"https:\\\/\\\/www.curlynights.com\\\/fr\\\/#\\\/schema\\\/person\\\/753d31b1b1b5cb96bd5260e036d753ed\"},\"headline\":\"Crash test : la coloration \u00e0 la cire sur cheveux boucl\u00e9s\",\"datePublished\":\"2021-07-03T14:31:03+00:00\",\"dateModified\":\"2025-08-24T19:04:29+00:00\",\"mainEntityOfPage\":{\"@id\":\"https:\\\/\\\/www.curlynights.com\\\/fr\\\/crash-test-la-coloration-a-la-cire-sur-cheveux-boucles\\\/\"},\"wordCount\":1077,\"publisher\":{\"@id\":\"https:\\\/\\\/www.curlynights.com\\\/fr\\\/#organization\"},\"image\":{\"@id\":\"https:\\\/\\\/www.curlynights.com\\\/fr\\\/crash-test-la-coloration-a-la-cire-sur-cheveux-boucles\\\/#primaryimage\"},\"thumbnailUrl\":\"https:\\\/\\\/www.curlynights.com\\\/wp-content\\\/uploads\\\/2021\\\/07\\\/coloration-a-la-cire-cheveux-boucles-2.jpg\",\"articleSection\":[\"Non classifi\u00e9(e)\"],\"inLanguage\":\"fr-FR\"},{\"@type\":\"WebPage\",\"@id\":\"https:\\\/\\\/www.curlynights.com\\\/fr\\\/crash-test-la-coloration-a-la-cire-sur-cheveux-boucles\\\/\",\"url\":\"https:\\\/\\\/www.curlynights.com\\\/fr\\\/crash-test-la-coloration-a-la-cire-sur-cheveux-boucles\\\/\",\"name\":\"Crash test : la coloration \u00e0 la cire sur cheveux boucl\u00e9s &#8902; Curly Nights\",\"isPartOf\":{\"@id\":\"https:\\\/\\\/www.curlynights.com\\\/fr\\\/#website\"},\"primaryImageOfPage\":{\"@id\":\"https:\\\/\\\/www.curlynights.com\\\/fr\\\/crash-test-la-coloration-a-la-cire-sur-cheveux-boucles\\\/#primaryimage\"},\"image\":{\"@id\":\"https:\\\/\\\/www.curlynights.com\\\/fr\\\/crash-test-la-coloration-a-la-cire-sur-cheveux-boucles\\\/#primaryimage\"},\"thumbnailUrl\":\"https:\\\/\\\/www.curlynights.com\\\/wp-content\\\/uploads\\\/2021\\\/07\\\/coloration-a-la-cire-cheveux-boucles-2.jpg\",\"datePublished\":\"2021-07-03T14:31:03+00:00\",\"dateModified\":\"2025-08-24T19:04:29+00:00\",\"description\":\"La coloration \u00e0 la cire est une bonne alternative pour colorer ses cheveux boucl\u00e9s ou cr\u00e9pus. Avec notre tuto, on vous donne notre avis !\",\"breadcrumb\":{\"@id\":\"https:\\\/\\\/www.curlynights.com\\\/fr\\\/crash-test-la-coloration-a-la-cire-sur-cheveux-boucles\\\/#breadcrumb\"},\"inLanguage\":\"fr-FR\",\"potentialAction\":[{\"@type\":\"ReadAction\",\"target\":[\"https:\\\/\\\/www.curlynights.com\\\/fr\\\/crash-test-la-coloration-a-la-cire-sur-cheveux-boucles\\\/\"]}]},{\"@type\":\"ImageObject\",\"inLanguage\":\"fr-FR\",\"@id\":\"https:\\\/\\\/www.curlynights.com\\\/fr\\\/crash-test-la-coloration-a-la-cire-sur-cheveux-boucles\\\/#primaryimage\",\"url\":\"https:\\\/\\\/www.curlynights.com\\\/wp-content\\\/uploads\\\/2021\\\/07\\\/coloration-a-la-cire-cheveux-boucles-2.jpg\",\"contentUrl\":\"https:\\\/\\\/www.curlynights.com\\\/wp-content\\\/uploads\\\/2021\\\/07\\\/coloration-a-la-cire-cheveux-boucles-2.jpg\",\"width\":1500,\"height\":1000,\"caption\":\"coloration violette \u00e0 la cire sur cheveux boucl\u00e9s\"},{\"@type\":\"BreadcrumbList\",\"@id\":\"https:\\\/\\\/www.curlynights.com\\\/fr\\\/crash-test-la-coloration-a-la-cire-sur-cheveux-boucles\\\/#breadcrumb\",\"itemListElement\":[{\"@type\":\"ListItem\",\"position\":1,\"name\":\"Startseite\",\"item\":\"https:\\\/\\\/www.curlynights.com\\\/fr\\\/\"},{\"@type\":\"ListItem\",\"position\":2,\"name\":\"Crash test : la coloration \u00e0 la cire sur cheveux boucl\u00e9s\"}]},{\"@type\":\"WebSite\",\"@id\":\"https:\\\/\\\/www.curlynights.com\\\/fr\\\/#website\",\"url\":\"https:\\\/\\\/www.curlynights.com\\\/fr\\\/\",\"name\":\"Curly Nights\",\"description\":\"Bonnets de nuit, de soin et taies d&#039;oreiller en wax et satin\",\"publisher\":{\"@id\":\"https:\\\/\\\/www.curlynights.com\\\/fr\\\/#organization\"},\"potentialAction\":[{\"@type\":\"SearchAction\",\"target\":{\"@type\":\"EntryPoint\",\"urlTemplate\":\"https:\\\/\\\/www.curlynights.com\\\/fr\\\/?s={search_term_string}\"},\"query-input\":{\"@type\":\"PropertyValueSpecification\",\"valueRequired\":true,\"valueName\":\"search_term_string\"}}],\"inLanguage\":\"fr-FR\"},{\"@type\":\"Organization\",\"@id\":\"https:\\\/\\\/www.curlynights.com\\\/fr\\\/#organization\",\"name\":\"Curly Nights\",\"url\":\"https:\\\/\\\/www.curlynights.com\\\/fr\\\/\",\"logo\":{\"@type\":\"ImageObject\",\"inLanguage\":\"fr-FR\",\"@id\":\"https:\\\/\\\/www.curlynights.com\\\/fr\\\/#\\\/schema\\\/logo\\\/image\\\/\",\"url\":\"https:\\\/\\\/www.curlynights.com\\\/wp-content\\\/uploads\\\/2018\\\/08\\\/cropped-LOGO-GLYNNIS.png\",\"contentUrl\":\"https:\\\/\\\/www.curlynights.com\\\/wp-content\\\/uploads\\\/2018\\\/08\\\/cropped-LOGO-GLYNNIS.png\",\"width\":1024,\"height\":276,\"caption\":\"Curly Nights\"},\"image\":{\"@id\":\"https:\\\/\\\/www.curlynights.com\\\/fr\\\/#\\\/schema\\\/logo\\\/image\\\/\"}},{\"@type\":\"Person\",\"@id\":\"https:\\\/\\\/www.curlynights.com\\\/fr\\\/#\\\/schema\\\/person\\\/753d31b1b1b5cb96bd5260e036d753ed\",\"name\":\"Noa Lecaude\",\"image\":{\"@type\":\"ImageObject\",\"inLanguage\":\"fr-FR\",\"@id\":\"https:\\\/\\\/secure.gravatar.com\\\/avatar\\\/f95b8b7c89e708b105e2a2650b2b519cc5e2e6a2e84f2d056feca73575e1b5d0?s=96&d=mm&r=g\",\"url\":\"https:\\\/\\\/secure.gravatar.com\\\/avatar\\\/f95b8b7c89e708b105e2a2650b2b519cc5e2e6a2e84f2d056feca73575e1b5d0?s=96&d=mm&r=g\",\"contentUrl\":\"https:\\\/\\\/secure.gravatar.com\\\/avatar\\\/f95b8b7c89e708b105e2a2650b2b519cc5e2e6a2e84f2d056feca73575e1b5d0?s=96&d=mm&r=g\",\"caption\":\"Noa Lecaude\"},\"url\":\"https:\\\/\\\/www.curlynights.com\\\/fr\\\/author\\\/noa-lecaude\\\/\"}]}<\/script>\n<!-- \/ Yoast SEO plugin. -->","yoast_head_json":{"title":"Crash test : la coloration \u00e0 la cire sur cheveux boucl\u00e9s &#8902; Curly Nights","description":"La coloration \u00e0 la cire est une bonne alternative pour colorer ses cheveux boucl\u00e9s ou cr\u00e9pus. Avec notre tuto, on vous donne notre avis !","robots":{"index":"index","follow":"follow","max-snippet":"max-snippet:-1","max-image-preview":"max-image-preview:large","max-video-preview":"max-video-preview:-1"},"canonical":"https:\/\/www.curlynights.com\/fr\/crash-test-la-coloration-a-la-cire-sur-cheveux-boucles\/","og_locale":"fr_FR","og_type":"article","og_title":"Crash test : la coloration \u00e0 la cire sur cheveux boucl\u00e9s &#8902; Curly Nights","og_description":"La coloration \u00e0 la cire est une bonne alternative pour colorer ses cheveux boucl\u00e9s ou cr\u00e9pus. Avec notre tuto, on vous donne notre avis !","og_url":"https:\/\/www.curlynights.com\/fr\/crash-test-la-coloration-a-la-cire-sur-cheveux-boucles\/","og_site_name":"Curly Nights","article_published_time":"2021-07-03T14:31:03+00:00","article_modified_time":"2025-08-24T19:04:29+00:00","og_image":[{"width":1500,"height":1000,"url":"https:\/\/www.curlynights.com\/wp-content\/uploads\/2021\/07\/coloration-a-la-cire-cheveux-boucles-2.jpg","type":"image\/jpeg"}],"author":"Noa Lecaude","twitter_card":"summary_large_image","twitter_misc":{"\u00c9crit par":"Noa Lecaude","Dur\u00e9e de lecture estim\u00e9e":"6 minutes"},"schema":{"@context":"https:\/\/schema.org","@graph":[{"@type":"Article","@id":"https:\/\/www.curlynights.com\/fr\/crash-test-la-coloration-a-la-cire-sur-cheveux-boucles\/#article","isPartOf":{"@id":"https:\/\/www.curlynights.com\/fr\/crash-test-la-coloration-a-la-cire-sur-cheveux-boucles\/"},"author":{"name":"Noa Lecaude","@id":"https:\/\/www.curlynights.com\/fr\/#\/schema\/person\/753d31b1b1b5cb96bd5260e036d753ed"},"headline":"Crash test : la coloration \u00e0 la cire sur cheveux boucl\u00e9s","datePublished":"2021-07-03T14:31:03+00:00","dateModified":"2025-08-24T19:04:29+00:00","mainEntityOfPage":{"@id":"https:\/\/www.curlynights.com\/fr\/crash-test-la-coloration-a-la-cire-sur-cheveux-boucles\/"},"wordCount":1077,"publisher":{"@id":"https:\/\/www.curlynights.com\/fr\/#organization"},"image":{"@id":"https:\/\/www.curlynights.com\/fr\/crash-test-la-coloration-a-la-cire-sur-cheveux-boucles\/#primaryimage"},"thumbnailUrl":"https:\/\/www.curlynights.com\/wp-content\/uploads\/2021\/07\/coloration-a-la-cire-cheveux-boucles-2.jpg","articleSection":["Non classifi\u00e9(e)"],"inLanguage":"fr-FR"},{"@type":"WebPage","@id":"https:\/\/www.curlynights.com\/fr\/crash-test-la-coloration-a-la-cire-sur-cheveux-boucles\/","url":"https:\/\/www.curlynights.com\/fr\/crash-test-la-coloration-a-la-cire-sur-cheveux-boucles\/","name":"Crash test : la coloration \u00e0 la cire sur cheveux boucl\u00e9s &#8902; Curly Nights","isPartOf":{"@id":"https:\/\/www.curlynights.com\/fr\/#website"},"primaryImageOfPage":{"@id":"https:\/\/www.curlynights.com\/fr\/crash-test-la-coloration-a-la-cire-sur-cheveux-boucles\/#primaryimage"},"image":{"@id":"https:\/\/www.curlynights.com\/fr\/crash-test-la-coloration-a-la-cire-sur-cheveux-boucles\/#primaryimage"},"thumbnailUrl":"https:\/\/www.curlynights.com\/wp-content\/uploads\/2021\/07\/coloration-a-la-cire-cheveux-boucles-2.jpg","datePublished":"2021-07-03T14:31:03+00:00","dateModified":"2025-08-24T19:04:29+00:00","description":"La coloration \u00e0 la cire est une bonne alternative pour colorer ses cheveux boucl\u00e9s ou cr\u00e9pus. Avec notre tuto, on vous donne notre avis !","breadcrumb":{"@id":"https:\/\/www.curlynights.com\/fr\/crash-test-la-coloration-a-la-cire-sur-cheveux-boucles\/#breadcrumb"},"inLanguage":"fr-FR","potentialAction":[{"@type":"ReadAction","target":["https:\/\/www.curlynights.com\/fr\/crash-test-la-coloration-a-la-cire-sur-cheveux-boucles\/"]}]},{"@type":"ImageObject","inLanguage":"fr-FR","@id":"https:\/\/www.curlynights.com\/fr\/crash-test-la-coloration-a-la-cire-sur-cheveux-boucles\/#primaryimage","url":"https:\/\/www.curlynights.com\/wp-content\/uploads\/2021\/07\/coloration-a-la-cire-cheveux-boucles-2.jpg","contentUrl":"https:\/\/www.curlynights.com\/wp-content\/uploads\/2021\/07\/coloration-a-la-cire-cheveux-boucles-2.jpg","width":1500,"height":1000,"caption":"coloration violette \u00e0 la cire sur cheveux boucl\u00e9s"},{"@type":"BreadcrumbList","@id":"https:\/\/www.curlynights.com\/fr\/crash-test-la-coloration-a-la-cire-sur-cheveux-boucles\/#breadcrumb","itemListElement":[{"@type":"ListItem","position":1,"name":"Startseite","item":"https:\/\/www.curlynights.com\/fr\/"},{"@type":"ListItem","position":2,"name":"Crash test : la coloration \u00e0 la cire sur cheveux boucl\u00e9s"}]},{"@type":"WebSite","@id":"https:\/\/www.curlynights.com\/fr\/#website","url":"https:\/\/www.curlynights.com\/fr\/","name":"Curly Nights","description":"Bonnets de nuit, de soin et taies d&#039;oreiller en wax et satin","publisher":{"@id":"https:\/\/www.curlynights.com\/fr\/#organization"},"potentialAction":[{"@type":"SearchAction","target":{"@type":"EntryPoint","urlTemplate":"https:\/\/www.curlynights.com\/fr\/?s={search_term_string}"},"query-input":{"@type":"PropertyValueSpecification","valueRequired":true,"valueName":"search_term_string"}}],"inLanguage":"fr-FR"},{"@type":"Organization","@id":"https:\/\/www.curlynights.com\/fr\/#organization","name":"Curly Nights","url":"https:\/\/www.curlynights.com\/fr\/","logo":{"@type":"ImageObject","inLanguage":"fr-FR","@id":"https:\/\/www.curlynights.com\/fr\/#\/schema\/logo\/image\/","url":"https:\/\/www.curlynights.com\/wp-content\/uploads\/2018\/08\/cropped-LOGO-GLYNNIS.png","contentUrl":"https:\/\/www.curlynights.com\/wp-content\/uploads\/2018\/08\/cropped-LOGO-GLYNNIS.png","width":1024,"height":276,"caption":"Curly Nights"},"image":{"@id":"https:\/\/www.curlynights.com\/fr\/#\/schema\/logo\/image\/"}},{"@type":"Person","@id":"https:\/\/www.curlynights.com\/fr\/#\/schema\/person\/753d31b1b1b5cb96bd5260e036d753ed","name":"Noa Lecaude","image":{"@type":"ImageObject","inLanguage":"fr-FR","@id":"https:\/\/secure.gravatar.com\/avatar\/f95b8b7c89e708b105e2a2650b2b519cc5e2e6a2e84f2d056feca73575e1b5d0?s=96&d=mm&r=g","url":"https:\/\/secure.gravatar.com\/avatar\/f95b8b7c89e708b105e2a2650b2b519cc5e2e6a2e84f2d056feca73575e1b5d0?s=96&d=mm&r=g","contentUrl":"https:\/\/secure.gravatar.com\/avatar\/f95b8b7c89e708b105e2a2650b2b519cc5e2e6a2e84f2d056feca73575e1b5d0?s=96&d=mm&r=g","caption":"Noa Lecaude"},"url":"https:\/\/www.curlynights.com\/fr\/author\/noa-lecaude\/"}]}},"_links":{"self":[{"href":"https:\/\/www.curlynights.com\/fr\/wp-json\/wp\/v2\/posts\/6740","targetHints":{"allow":["GET"]}}],"collection":[{"href":"https:\/\/www.curlynights.com\/fr\/wp-json\/wp\/v2\/posts"}],"about":[{"href":"https:\/\/www.curlynights.com\/fr\/wp-json\/wp\/v2\/types\/post"}],"author":[{"embeddable":true,"href":"https:\/\/www.curlynights.com\/fr\/wp-json\/wp\/v2\/users\/158"}],"replies":[{"embeddable":true,"href":"https:\/\/www.curlynights.com\/fr\/wp-json\/wp\/v2\/comments?post=6740"}],"version-history":[{"count":10,"href":"https:\/\/www.curlynights.com\/fr\/wp-json\/wp\/v2\/posts\/6740\/revisions"}],"predecessor-version":[{"id":13215,"href":"https:\/\/www.curlynights.com\/fr\/wp-json\/wp\/v2\/posts\/6740\/revisions\/13215"}],"wp:featuredmedia":[{"embeddable":true,"href":"https:\/\/www.curlynights.com\/fr\/wp-json\/wp\/v2\/media\/10729"}],"wp:attachment":[{"href":"https:\/\/www.curlynights.com\/fr\/wp-json\/wp\/v2\/media?parent=6740"}],"wp:term":[{"taxonomy":"category","embeddable":true,"href":"https:\/\/www.curlynights.com\/fr\/wp-json\/wp\/v2\/categories?post=6740"},{"taxonomy":"post_tag","embeddable":true,"href":"https:\/\/www.curlynights.com\/fr\/wp-json\/wp\/v2\/tags?post=6740"}],"curies":[{"name":"wp","href":"https:\/\/api.w.org\/{rel}","templated":true}]}}