{"id":6717,"date":"2020-10-23T17:16:01","date_gmt":"2020-10-23T15:16:01","guid":{"rendered":"https:\/\/www.curlynights.com\/?p=6717"},"modified":"2024-08-05T17:13:34","modified_gmt":"2024-08-05T15:13:34","slug":"6-coiffures-protectrices-et-comment-les-entretenir-la-nuit","status":"publish","type":"post","link":"https:\/\/www.curlynights.com\/fr\/6-coiffures-protectrices-et-comment-les-entretenir-la-nuit\/","title":{"rendered":"6 coiffures protectrices et comment les entretenir la nuit"},"content":{"rendered":"\n<p>Les <strong>cheveux boucl\u00e9s et cr\u00e9pus<\/strong> frisent bien plus que les autres types de cheveux de par la d\u00e9shydratation naturelle de nos boucles. Toutes les filles aux cheveux boucl\u00e9s peuvent en attester.&nbsp;C&rsquo;est pourquoi les <strong>coiffures protectrices<\/strong> s&rsquo;imposent. On vous explique tout \u00e7a !<\/p>\n\n\n\n<p>Les <strong>coiffures protectrices <\/strong>sont nos meilleurs atouts contre la chaleur de l\u2019\u00e9t\u00e9, la pluie de l&rsquo;automne ou l&rsquo;humidit\u00e9 de l&rsquo;air au printemps. Quand vous avez besoin d&rsquo;une pause avec vos cheveux, n&rsquo;h\u00e9sitez pas ! En prenant bien soin de<strong> ne pas trop serrer les tresses<\/strong> et d&rsquo;en prendre soin r\u00e9guli\u00e8rement, elles ne vous ab\u00eemeront pas les cheveux. Il faut <strong>continuer \u00e0 hydrater <\/strong>le cuir chevelu et les cheveux, m\u00eame tr\u00e9ss\u00e9s ! <\/p>\n\n\n\n<p>Les coiffures protectrices vont permettre d\u2019<strong>espacer les shampooings<\/strong> tout en \u00e9tant une option qui demandent <strong>peu de manipulation<\/strong> des cheveux au quotidien. Ils peuvent ainsi pousser tranquillement. Et puis le meilleur dans tous \u00e7a, n&rsquo;est-ce pas de <strong>changer compl\u00e8tement de t\u00eate<\/strong> pour quelques semaines ? <\/p>\n\n\n\n<p>D\u00e9couvrez notre s\u00e9lection de coiffures protectrices et laissez-vous inspirer ! <\/p>\n\n\n\n<h2 class=\"wp-block-heading\">1.   Les m\u00e8ches simples&nbsp;<\/h2>\n\n\n\n<figure class=\"wp-block-image size-large\"><img fetchpriority=\"high\" decoding=\"async\" width=\"824\" height=\"1024\" src=\"https:\/\/www.curlynights.com\/wp-content\/uploads\/2020\/07\/IMG_0089-2.jpg\" alt=\"tessa thompson, coiffures protectrices, braids, m\u00e8ches, cheveux boucl\u00e9s, cheveux cr\u00e9pus, cheveux textur\u00e9s\" class=\"wp-image-6721\" srcset=\"https:\/\/www.curlynights.com\/wp-content\/uploads\/2020\/07\/IMG_0089-2.jpg 824w, https:\/\/www.curlynights.com\/wp-content\/uploads\/2020\/07\/IMG_0089-2-241x300.jpg 241w, https:\/\/www.curlynights.com\/wp-content\/uploads\/2020\/07\/IMG_0089-2-768x954.jpg 768w, https:\/\/www.curlynights.com\/wp-content\/uploads\/2020\/07\/IMG_0089-2-600x746.jpg 600w\" sizes=\"(max-width: 824px) 100vw, 824px\" \/><figcaption class=\"wp-element-caption\">@lacyredway<\/figcaption><\/figure>\n\n\n\n<p>Comme Tessa Thompson, ou Valkyrie pour les intimes, choisissez les m\u00e8ches simples. C\u2019est un <strong>classique incontournable<\/strong>. Aucune surprise, faites vos m\u00e8ches habituelles et ajoutez un twist en y accrochant des perles pour cheveux.&nbsp;<\/p>\n\n\n\n<p class=\"has-light-green-cyan-background-color has-background\"><strong>Pro tip&nbsp;!<\/strong>&nbsp;Pour celles qui souhaitent canaliser leur c\u00f4t\u00e9 boh\u00e9mien int\u00e9rieur, plongez vos m\u00e8ches dans de l\u2019eau chaude pendant quelques minutes avec des bigoudis avant de les s\u00e9cher et de retirer les bigoudis.&nbsp;<\/p>\n\n\n\n<h2 class=\"wp-block-heading\">2.   Le carr\u00e9<\/h2>\n\n\n\n<figure class=\"wp-block-image size-large\"><img decoding=\"async\" width=\"1024\" height=\"1024\" src=\"https:\/\/www.curlynights.com\/wp-content\/uploads\/2020\/07\/10-Ways-To-Rock-Braids-When-Your-Hair-Is-Short-2.jpg\" alt=\"carr\u00e9, coiffures protectrices, braids, m\u00e8ches, cheveux boucl\u00e9s, cheveux cr\u00e9pus, cheveux textur\u00e9s\" class=\"wp-image-6723\" srcset=\"https:\/\/www.curlynights.com\/wp-content\/uploads\/2020\/07\/10-Ways-To-Rock-Braids-When-Your-Hair-Is-Short-2.jpg 1024w, https:\/\/www.curlynights.com\/wp-content\/uploads\/2020\/07\/10-Ways-To-Rock-Braids-When-Your-Hair-Is-Short-2-300x300.jpg 300w, https:\/\/www.curlynights.com\/wp-content\/uploads\/2020\/07\/10-Ways-To-Rock-Braids-When-Your-Hair-Is-Short-2-150x150.jpg 150w, https:\/\/www.curlynights.com\/wp-content\/uploads\/2020\/07\/10-Ways-To-Rock-Braids-When-Your-Hair-Is-Short-2-768x768.jpg 768w, https:\/\/www.curlynights.com\/wp-content\/uploads\/2020\/07\/10-Ways-To-Rock-Braids-When-Your-Hair-Is-Short-2-600x600.jpg 600w, https:\/\/www.curlynights.com\/wp-content\/uploads\/2020\/07\/10-Ways-To-Rock-Braids-When-Your-Hair-Is-Short-2-100x100.jpg 100w\" sizes=\"(max-width: 1024px) 100vw, 1024px\" \/><figcaption class=\"wp-element-caption\"><a href=\"https:\/\/www.pinterest.fr\/pin\/298222806578741924\/\">Pinterest<\/a><\/figcaption><\/figure>\n\n\n\n<p>Toujours avec des m\u00e8ches mais plus courtes, optez pour un<strong> carr\u00e9<\/strong>. Cette coiffure protectrice est parfaite pour celles qui souhaitent avoir les cheveux courts. Plus facile \u00e0 g\u00e9rer que des m\u00e8ches tr\u00e8s longues, un carr\u00e9 \u00e0 la Wiona Ryders dans l\u2019un des films culte des ann\u00e9es 80,&nbsp;<em>The Heathers<\/em>, va <strong>mettre en valeur votre visage<\/strong> et vous donner un c\u00f4t\u00e9&nbsp;<em>How very<\/em>&nbsp;!&nbsp;<\/p>\n\n\n\n<p class=\"has-light-green-cyan-background-color has-background\"><strong>Pro tip!<\/strong>&nbsp;Avec un b\u00e9ret, le bob devient moderne.&nbsp;&nbsp;<\/p>\n\n\n\n<h2 class=\"wp-block-heading\">3.   Les passion twists<\/h2>\n\n\n\n<figure class=\"wp-block-image size-large\"><img decoding=\"async\" width=\"820\" height=\"1024\" src=\"https:\/\/www.curlynights.com\/wp-content\/uploads\/2020\/07\/Passion-Twists-Are-Here-35-Photos-Thatll-Make-you-Want-Them-Un-ruly-2.jpg\" alt=\"twists, passion twists, braids, m\u00e8ches, cheveux boucl\u00e9s, cheveux cr\u00e9pus, cheveux textur\u00e9s\" class=\"wp-image-6727\" srcset=\"https:\/\/www.curlynights.com\/wp-content\/uploads\/2020\/07\/Passion-Twists-Are-Here-35-Photos-Thatll-Make-you-Want-Them-Un-ruly-2.jpg 820w, https:\/\/www.curlynights.com\/wp-content\/uploads\/2020\/07\/Passion-Twists-Are-Here-35-Photos-Thatll-Make-you-Want-Them-Un-ruly-2-240x300.jpg 240w, https:\/\/www.curlynights.com\/wp-content\/uploads\/2020\/07\/Passion-Twists-Are-Here-35-Photos-Thatll-Make-you-Want-Them-Un-ruly-2-768x959.jpg 768w, https:\/\/www.curlynights.com\/wp-content\/uploads\/2020\/07\/Passion-Twists-Are-Here-35-Photos-Thatll-Make-you-Want-Them-Un-ruly-2-600x749.jpg 600w\" sizes=\"(max-width: 820px) 100vw, 820px\" \/><figcaption class=\"wp-element-caption\">@Symphanisoto<\/figcaption><\/figure>\n\n\n\n<p>C\u2019est LA coiffure protectrice de l\u2019ann\u00e9e. Vous avez surement d\u00e9j\u00e0 vu des dizaines d\u2019influenceuses avec des passion twists et c\u2019est \u00e0 votre tour de les essayer. Les m\u00e8ches boucl\u00e9es que l\u2019on twist garantissent un r\u00e9sultat d\u2019un naturel sans \u00e9gal.&nbsp;<\/p>\n\n\n\n<p class=\"has-light-green-cyan-background-color has-background\"><strong>Pro tip !<\/strong>&nbsp;Faites vos passion twists au crochet. C\u2019est une technique rapide et simple \u00e0 faire \u00e0 la maison.&nbsp;<\/p>\n\n\n\n<h2 class=\"wp-block-heading\">4.   Les vanilles <\/h2>\n\n\n\n<figure class=\"wp-block-image size-large\"><img loading=\"lazy\" decoding=\"async\" width=\"655\" height=\"1023\" src=\"https:\/\/www.curlynights.com\/wp-content\/uploads\/2020\/07\/Jumbo-Marley-Twists-2-1.jpg\" alt=\"senegalese jumbo braids, tresses s\u00e9n\u00e9galaises, coiffures protectrices, braids, m\u00e8ches, cheveux boucl\u00e9s, cheveux cr\u00e9pus, cheveux textur\u00e9s\" class=\"wp-image-6731\" srcset=\"https:\/\/www.curlynights.com\/wp-content\/uploads\/2020\/07\/Jumbo-Marley-Twists-2-1.jpg 655w, https:\/\/www.curlynights.com\/wp-content\/uploads\/2020\/07\/Jumbo-Marley-Twists-2-1-192x300.jpg 192w, https:\/\/www.curlynights.com\/wp-content\/uploads\/2020\/07\/Jumbo-Marley-Twists-2-1-600x937.jpg 600w\" sizes=\"(max-width: 655px) 100vw, 655px\" \/><figcaption class=\"wp-element-caption\">@braid_slayy<\/figcaption><\/figure>\n\n\n\n<p>C\u2019est peut-\u00eatre bien la coiffure protectrice la moins compliqu\u00e9e de cette liste. Revenues \u00e0 la mode en passant par une modernisation de leurs formes, les vanilles fa\u00e7on jumbo sont maintenant plus grosses et totalement tendances. Sectionner des cheveux en plusieurs parties assez larges permet de r\u00e9duire la tension \u00e0 la racine.&nbsp;<\/p>\n\n\n\n<p class=\"has-light-green-cyan-background-color has-background\"><strong>Pro tip!<\/strong>&nbsp;Tracez vos sections de mani\u00e8re triangulaire. Le rendu sera plus net.&nbsp;<\/p>\n\n\n\n<h2 class=\"wp-block-heading\">&nbsp;5.   Les fulani braids&nbsp;<\/h2>\n\n\n\n<figure class=\"wp-block-image size-large\"><img loading=\"lazy\" decoding=\"async\" width=\"819\" height=\"1024\" src=\"https:\/\/www.curlynights.com\/wp-content\/uploads\/2020\/07\/1jng5jhrqkr2thjbxytfg8sAd9clsv3j323d4txg318lx894ww4mkrs67r35j0v974n89sjwfjwfp8ml0vj7hyc6956bh0hv2hAcq2hdxwx2qtl2mhjcscq324vql2pz9fb80A5j2xkdm5rjy02jsdhv46m1A5ydknsf3Afqwh2r28tAqr81-819x1024.jpeg\" alt=\"Fulani Braids, braids, m\u00e8ches, cheveux boucl\u00e9s, cheveux cr\u00e9pus, cheveux textur\u00e9s\" class=\"wp-image-6725\" srcset=\"https:\/\/www.curlynights.com\/wp-content\/uploads\/2020\/07\/1jng5jhrqkr2thjbxytfg8sAd9clsv3j323d4txg318lx894ww4mkrs67r35j0v974n89sjwfjwfp8ml0vj7hyc6956bh0hv2hAcq2hdxwx2qtl2mhjcscq324vql2pz9fb80A5j2xkdm5rjy02jsdhv46m1A5ydknsf3Afqwh2r28tAqr81-819x1024.jpeg 819w, https:\/\/www.curlynights.com\/wp-content\/uploads\/2020\/07\/1jng5jhrqkr2thjbxytfg8sAd9clsv3j323d4txg318lx894ww4mkrs67r35j0v974n89sjwfjwfp8ml0vj7hyc6956bh0hv2hAcq2hdxwx2qtl2mhjcscq324vql2pz9fb80A5j2xkdm5rjy02jsdhv46m1A5ydknsf3Afqwh2r28tAqr81-240x300.jpeg 240w, https:\/\/www.curlynights.com\/wp-content\/uploads\/2020\/07\/1jng5jhrqkr2thjbxytfg8sAd9clsv3j323d4txg318lx894ww4mkrs67r35j0v974n89sjwfjwfp8ml0vj7hyc6956bh0hv2hAcq2hdxwx2qtl2mhjcscq324vql2pz9fb80A5j2xkdm5rjy02jsdhv46m1A5ydknsf3Afqwh2r28tAqr81-768x960.jpeg 768w, https:\/\/www.curlynights.com\/wp-content\/uploads\/2020\/07\/1jng5jhrqkr2thjbxytfg8sAd9clsv3j323d4txg318lx894ww4mkrs67r35j0v974n89sjwfjwfp8ml0vj7hyc6956bh0hv2hAcq2hdxwx2qtl2mhjcscq324vql2pz9fb80A5j2xkdm5rjy02jsdhv46m1A5ydknsf3Afqwh2r28tAqr81-600x750.jpeg 600w, https:\/\/www.curlynights.com\/wp-content\/uploads\/2020\/07\/1jng5jhrqkr2thjbxytfg8sAd9clsv3j323d4txg318lx894ww4mkrs67r35j0v974n89sjwfjwfp8ml0vj7hyc6956bh0hv2hAcq2hdxwx2qtl2mhjcscq324vql2pz9fb80A5j2xkdm5rjy02jsdhv46m1A5ydknsf3Afqwh2r28tAqr81.jpeg 1024w\" sizes=\"(max-width: 819px) 100vw, 819px\" \/><figcaption class=\"wp-element-caption\">@niamonetclark&nbsp;\u2060<\/figcaption><\/figure>\n\n\n\n<p>Les nattes coll\u00e9es sont une fa\u00e7on extr\u00eamement <strong>polyvalente<\/strong> de magnifier nos cheveux boucl\u00e9s et cr\u00e9pus au gr\u00e9 de notre imagination. Avec des petites cornrows cr\u00e9ant une raie naturelle, les Fulani braids sont \u00e0 couper le souffle.&nbsp;<\/p>\n\n\n\n<p class=\"has-light-green-cyan-background-color has-background\"><strong>Pro tip !<\/strong>&nbsp;En y agr\u00e9mentant des rangs de perles, vous transformez vos simples fulani braids en un look qui rivaliserait avec celui de l\u2019ic\u00f4ne Cl\u00e9opatre.&nbsp;<\/p>\n\n\n\n<h2 class=\"wp-block-heading\">6.   Les faux locs<\/h2>\n\n\n\n<figure class=\"wp-block-image size-large\"><img loading=\"lazy\" decoding=\"async\" width=\"732\" height=\"1024\" src=\"https:\/\/www.curlynights.com\/wp-content\/uploads\/2020\/07\/Faux-Locs-Crochet-Hair-Ombre-Color-2.jpg\" alt=\"locs, lock\u00e9s, faux locs, fausses locs, braids, m\u00e8ches, cheveux boucl\u00e9s, cheveux cr\u00e9pus, cheveux textur\u00e9s \" class=\"wp-image-6733\" srcset=\"https:\/\/www.curlynights.com\/wp-content\/uploads\/2020\/07\/Faux-Locs-Crochet-Hair-Ombre-Color-2.jpg 732w, https:\/\/www.curlynights.com\/wp-content\/uploads\/2020\/07\/Faux-Locs-Crochet-Hair-Ombre-Color-2-214x300.jpg 214w, https:\/\/www.curlynights.com\/wp-content\/uploads\/2020\/07\/Faux-Locs-Crochet-Hair-Ombre-Color-2-600x839.jpg 600w\" sizes=\"(max-width: 732px) 100vw, 732px\" \/><figcaption class=\"wp-element-caption\"><a href=\"https:\/\/www.pinterest.fr\/pin\/838654761849057390\/\">Pinterest<\/a><\/figcaption><\/figure>\n\n\n\n<p>Enveloppez vos m\u00e8ches simples avec du kanekelon et vous avez vos faux locs ! Po\u00e9tiser votre nouvelle coiffure avec des ornements pour cheveux comme les coquilles ou bien des fils dor\u00e9s m\u00e9talliques que vous allez croissez autour d\u2019une m\u00e8che. Le&nbsp;<em>messy look<\/em>&nbsp;mais recherch\u00e9 est assur\u00e9.&nbsp;<\/p>\n\n\n\n<p class=\"has-light-green-cyan-background-color has-background\"><strong>Pro tip !<\/strong>&nbsp;\u00c0 l\u2019instar des passion twists, il est possible d&rsquo;utiliser un crochet et des m\u00e8ches sp\u00e9ciales faux locs pour r\u00e9aliser cette coiffure protectrice.&nbsp;<\/p>\n\n\n\n<p>Pour prot\u00e9ger les coiffures protectrices, tout se passe la nuit ! Avec les frottements de vos m\u00e8ches contre les coussins classiques en coton, vous n&rsquo;allez pas faire long feu. Optez pour le <a href=\"https:\/\/www.curlynights.com\/fr\/cat\u00e9gorie\/bonnets-fr\/\/bonnet-reglable\">bonnet en wax et en satin r\u00e9glable<\/a> de chez Curly Nights pour vous assurer des m\u00e8ches durables. <\/p>\n\n\n\n<p>N&rsquo;oubliez pas de nous partager vos plus belles coiffures protectrices ! <\/p>\n","protected":false},"excerpt":{"rendered":"<p>Les coiffures protectrices sont nos meilleurs atouts contre cette chaleur d\u2019\u00e9t\u00e9. Elles vont permettre d\u2019espacer les shampooings tout en \u00e9tant une option qui demandent peu de soins. Avec notre s\u00e9lection de coiffures protectrices, vous allez pouvoir profitez de l\u2019\u00e9t\u00e9 comme il se doit !  <\/p>\n","protected":false},"author":158,"featured_media":6722,"comment_status":"closed","ping_status":"closed","sticky":false,"template":"","format":"standard","meta":{"footnotes":""},"categories":[38],"tags":[],"class_list":["post-6717","post","type-post","status-publish","format-standard","has-post-thumbnail","hentry","category-non-classifiee"],"yoast_head":"<!-- This site is optimized with the Yoast SEO plugin v27.4 - https:\/\/yoast.com\/product\/yoast-seo-wordpress\/ -->\n<title>6 coiffures protectrices et comment les entretenir la nuit &#8902; Curly Nights<\/title>\n<meta name=\"description\" content=\"Les coiffures protectrices sont les armes id\u00e9ales des cheveux boucl\u00e9s ou cr\u00e9pus en \u00e9t\u00e9. Id\u00e9es de coiffure et leur entretien de nuit, on vous dit tout !\" \/>\n<meta name=\"robots\" content=\"index, follow, max-snippet:-1, max-image-preview:large, max-video-preview:-1\" \/>\n<link rel=\"canonical\" href=\"https:\/\/www.curlynights.com\/fr\/6-coiffures-protectrices-et-comment-les-entretenir-la-nuit\/\" \/>\n<meta property=\"og:locale\" content=\"fr_FR\" \/>\n<meta property=\"og:type\" content=\"article\" \/>\n<meta property=\"og:title\" content=\"6 coiffures protectrices et comment les entretenir la nuit &#8902; Curly Nights\" \/>\n<meta property=\"og:description\" content=\"Les coiffures protectrices sont les armes id\u00e9ales des cheveux boucl\u00e9s ou cr\u00e9pus en \u00e9t\u00e9. Id\u00e9es de coiffure et leur entretien de nuit, on vous dit tout !\" \/>\n<meta property=\"og:url\" content=\"https:\/\/www.curlynights.com\/fr\/6-coiffures-protectrices-et-comment-les-entretenir-la-nuit\/\" \/>\n<meta property=\"og:site_name\" content=\"Curly Nights\" \/>\n<meta property=\"article:published_time\" content=\"2020-10-23T15:16:01+00:00\" \/>\n<meta property=\"article:modified_time\" content=\"2024-08-05T15:13:34+00:00\" \/>\n<meta property=\"og:image\" content=\"https:\/\/www.curlynights.com\/wp-content\/uploads\/2020\/07\/IMG_0089-2.jpg\" \/>\n\t<meta property=\"og:image:width\" content=\"824\" \/>\n\t<meta property=\"og:image:height\" content=\"1024\" \/>\n\t<meta property=\"og:image:type\" content=\"image\/jpeg\" \/>\n<meta name=\"author\" content=\"Noa Lecaude\" \/>\n<meta name=\"twitter:card\" content=\"summary_large_image\" \/>\n<meta name=\"twitter:label1\" content=\"\u00c9crit par\" \/>\n\t<meta name=\"twitter:data1\" content=\"Noa Lecaude\" \/>\n\t<meta name=\"twitter:label2\" content=\"Dur\u00e9e de lecture estim\u00e9e\" \/>\n\t<meta name=\"twitter:data2\" content=\"5 minutes\" \/>\n<script type=\"application\/ld+json\" class=\"yoast-schema-graph\">{\"@context\":\"https:\\\/\\\/schema.org\",\"@graph\":[{\"@type\":\"Article\",\"@id\":\"https:\\\/\\\/www.curlynights.com\\\/fr\\\/6-coiffures-protectrices-et-comment-les-entretenir-la-nuit\\\/#article\",\"isPartOf\":{\"@id\":\"https:\\\/\\\/www.curlynights.com\\\/fr\\\/6-coiffures-protectrices-et-comment-les-entretenir-la-nuit\\\/\"},\"author\":{\"name\":\"Noa Lecaude\",\"@id\":\"https:\\\/\\\/www.curlynights.com\\\/fr\\\/#\\\/schema\\\/person\\\/753d31b1b1b5cb96bd5260e036d753ed\"},\"headline\":\"6 coiffures protectrices et comment les entretenir la nuit\",\"datePublished\":\"2020-10-23T15:16:01+00:00\",\"dateModified\":\"2024-08-05T15:13:34+00:00\",\"mainEntityOfPage\":{\"@id\":\"https:\\\/\\\/www.curlynights.com\\\/fr\\\/6-coiffures-protectrices-et-comment-les-entretenir-la-nuit\\\/\"},\"wordCount\":750,\"publisher\":{\"@id\":\"https:\\\/\\\/www.curlynights.com\\\/fr\\\/#organization\"},\"image\":{\"@id\":\"https:\\\/\\\/www.curlynights.com\\\/fr\\\/6-coiffures-protectrices-et-comment-les-entretenir-la-nuit\\\/#primaryimage\"},\"thumbnailUrl\":\"https:\\\/\\\/www.curlynights.com\\\/wp-content\\\/uploads\\\/2020\\\/07\\\/IMG_0089-2.jpg\",\"articleSection\":[\"Non classifi\u00e9(e)\"],\"inLanguage\":\"fr-FR\"},{\"@type\":\"WebPage\",\"@id\":\"https:\\\/\\\/www.curlynights.com\\\/fr\\\/6-coiffures-protectrices-et-comment-les-entretenir-la-nuit\\\/\",\"url\":\"https:\\\/\\\/www.curlynights.com\\\/fr\\\/6-coiffures-protectrices-et-comment-les-entretenir-la-nuit\\\/\",\"name\":\"6 coiffures protectrices et comment les entretenir la nuit &#8902; Curly Nights\",\"isPartOf\":{\"@id\":\"https:\\\/\\\/www.curlynights.com\\\/fr\\\/#website\"},\"primaryImageOfPage\":{\"@id\":\"https:\\\/\\\/www.curlynights.com\\\/fr\\\/6-coiffures-protectrices-et-comment-les-entretenir-la-nuit\\\/#primaryimage\"},\"image\":{\"@id\":\"https:\\\/\\\/www.curlynights.com\\\/fr\\\/6-coiffures-protectrices-et-comment-les-entretenir-la-nuit\\\/#primaryimage\"},\"thumbnailUrl\":\"https:\\\/\\\/www.curlynights.com\\\/wp-content\\\/uploads\\\/2020\\\/07\\\/IMG_0089-2.jpg\",\"datePublished\":\"2020-10-23T15:16:01+00:00\",\"dateModified\":\"2024-08-05T15:13:34+00:00\",\"description\":\"Les coiffures protectrices sont les armes id\u00e9ales des cheveux boucl\u00e9s ou cr\u00e9pus en \u00e9t\u00e9. Id\u00e9es de coiffure et leur entretien de nuit, on vous dit tout !\",\"breadcrumb\":{\"@id\":\"https:\\\/\\\/www.curlynights.com\\\/fr\\\/6-coiffures-protectrices-et-comment-les-entretenir-la-nuit\\\/#breadcrumb\"},\"inLanguage\":\"fr-FR\",\"potentialAction\":[{\"@type\":\"ReadAction\",\"target\":[\"https:\\\/\\\/www.curlynights.com\\\/fr\\\/6-coiffures-protectrices-et-comment-les-entretenir-la-nuit\\\/\"]}]},{\"@type\":\"ImageObject\",\"inLanguage\":\"fr-FR\",\"@id\":\"https:\\\/\\\/www.curlynights.com\\\/fr\\\/6-coiffures-protectrices-et-comment-les-entretenir-la-nuit\\\/#primaryimage\",\"url\":\"https:\\\/\\\/www.curlynights.com\\\/wp-content\\\/uploads\\\/2020\\\/07\\\/IMG_0089-2.jpg\",\"contentUrl\":\"https:\\\/\\\/www.curlynights.com\\\/wp-content\\\/uploads\\\/2020\\\/07\\\/IMG_0089-2.jpg\",\"width\":824,\"height\":1024,\"caption\":\"tessa thompson, coiffures protectrices, braids, m\u00e8ches, cheveux boucl\u00e9s, cheveux cr\u00e9pus, cheveux textur\u00e9s\"},{\"@type\":\"BreadcrumbList\",\"@id\":\"https:\\\/\\\/www.curlynights.com\\\/fr\\\/6-coiffures-protectrices-et-comment-les-entretenir-la-nuit\\\/#breadcrumb\",\"itemListElement\":[{\"@type\":\"ListItem\",\"position\":1,\"name\":\"Startseite\",\"item\":\"https:\\\/\\\/www.curlynights.com\\\/fr\\\/\"},{\"@type\":\"ListItem\",\"position\":2,\"name\":\"6 coiffures protectrices et comment les entretenir la nuit\"}]},{\"@type\":\"WebSite\",\"@id\":\"https:\\\/\\\/www.curlynights.com\\\/fr\\\/#website\",\"url\":\"https:\\\/\\\/www.curlynights.com\\\/fr\\\/\",\"name\":\"Curly Nights\",\"description\":\"Bonnets de nuit, de soin et taies d&#039;oreiller en wax et satin\",\"publisher\":{\"@id\":\"https:\\\/\\\/www.curlynights.com\\\/fr\\\/#organization\"},\"potentialAction\":[{\"@type\":\"SearchAction\",\"target\":{\"@type\":\"EntryPoint\",\"urlTemplate\":\"https:\\\/\\\/www.curlynights.com\\\/fr\\\/?s={search_term_string}\"},\"query-input\":{\"@type\":\"PropertyValueSpecification\",\"valueRequired\":true,\"valueName\":\"search_term_string\"}}],\"inLanguage\":\"fr-FR\"},{\"@type\":\"Organization\",\"@id\":\"https:\\\/\\\/www.curlynights.com\\\/fr\\\/#organization\",\"name\":\"Curly Nights\",\"url\":\"https:\\\/\\\/www.curlynights.com\\\/fr\\\/\",\"logo\":{\"@type\":\"ImageObject\",\"inLanguage\":\"fr-FR\",\"@id\":\"https:\\\/\\\/www.curlynights.com\\\/fr\\\/#\\\/schema\\\/logo\\\/image\\\/\",\"url\":\"https:\\\/\\\/www.curlynights.com\\\/wp-content\\\/uploads\\\/2018\\\/08\\\/cropped-LOGO-GLYNNIS.png\",\"contentUrl\":\"https:\\\/\\\/www.curlynights.com\\\/wp-content\\\/uploads\\\/2018\\\/08\\\/cropped-LOGO-GLYNNIS.png\",\"width\":1024,\"height\":276,\"caption\":\"Curly Nights\"},\"image\":{\"@id\":\"https:\\\/\\\/www.curlynights.com\\\/fr\\\/#\\\/schema\\\/logo\\\/image\\\/\"}},{\"@type\":\"Person\",\"@id\":\"https:\\\/\\\/www.curlynights.com\\\/fr\\\/#\\\/schema\\\/person\\\/753d31b1b1b5cb96bd5260e036d753ed\",\"name\":\"Noa Lecaude\",\"image\":{\"@type\":\"ImageObject\",\"inLanguage\":\"fr-FR\",\"@id\":\"https:\\\/\\\/secure.gravatar.com\\\/avatar\\\/f95b8b7c89e708b105e2a2650b2b519cc5e2e6a2e84f2d056feca73575e1b5d0?s=96&d=mm&r=g\",\"url\":\"https:\\\/\\\/secure.gravatar.com\\\/avatar\\\/f95b8b7c89e708b105e2a2650b2b519cc5e2e6a2e84f2d056feca73575e1b5d0?s=96&d=mm&r=g\",\"contentUrl\":\"https:\\\/\\\/secure.gravatar.com\\\/avatar\\\/f95b8b7c89e708b105e2a2650b2b519cc5e2e6a2e84f2d056feca73575e1b5d0?s=96&d=mm&r=g\",\"caption\":\"Noa Lecaude\"},\"url\":\"https:\\\/\\\/www.curlynights.com\\\/fr\\\/author\\\/noa-lecaude\\\/\"}]}<\/script>\n<!-- \/ Yoast SEO plugin. -->","yoast_head_json":{"title":"6 coiffures protectrices et comment les entretenir la nuit &#8902; Curly Nights","description":"Les coiffures protectrices sont les armes id\u00e9ales des cheveux boucl\u00e9s ou cr\u00e9pus en \u00e9t\u00e9. Id\u00e9es de coiffure et leur entretien de nuit, on vous dit tout !","robots":{"index":"index","follow":"follow","max-snippet":"max-snippet:-1","max-image-preview":"max-image-preview:large","max-video-preview":"max-video-preview:-1"},"canonical":"https:\/\/www.curlynights.com\/fr\/6-coiffures-protectrices-et-comment-les-entretenir-la-nuit\/","og_locale":"fr_FR","og_type":"article","og_title":"6 coiffures protectrices et comment les entretenir la nuit &#8902; Curly Nights","og_description":"Les coiffures protectrices sont les armes id\u00e9ales des cheveux boucl\u00e9s ou cr\u00e9pus en \u00e9t\u00e9. Id\u00e9es de coiffure et leur entretien de nuit, on vous dit tout !","og_url":"https:\/\/www.curlynights.com\/fr\/6-coiffures-protectrices-et-comment-les-entretenir-la-nuit\/","og_site_name":"Curly Nights","article_published_time":"2020-10-23T15:16:01+00:00","article_modified_time":"2024-08-05T15:13:34+00:00","og_image":[{"width":824,"height":1024,"url":"https:\/\/www.curlynights.com\/wp-content\/uploads\/2020\/07\/IMG_0089-2.jpg","type":"image\/jpeg"}],"author":"Noa Lecaude","twitter_card":"summary_large_image","twitter_misc":{"\u00c9crit par":"Noa Lecaude","Dur\u00e9e de lecture estim\u00e9e":"5 minutes"},"schema":{"@context":"https:\/\/schema.org","@graph":[{"@type":"Article","@id":"https:\/\/www.curlynights.com\/fr\/6-coiffures-protectrices-et-comment-les-entretenir-la-nuit\/#article","isPartOf":{"@id":"https:\/\/www.curlynights.com\/fr\/6-coiffures-protectrices-et-comment-les-entretenir-la-nuit\/"},"author":{"name":"Noa Lecaude","@id":"https:\/\/www.curlynights.com\/fr\/#\/schema\/person\/753d31b1b1b5cb96bd5260e036d753ed"},"headline":"6 coiffures protectrices et comment les entretenir la nuit","datePublished":"2020-10-23T15:16:01+00:00","dateModified":"2024-08-05T15:13:34+00:00","mainEntityOfPage":{"@id":"https:\/\/www.curlynights.com\/fr\/6-coiffures-protectrices-et-comment-les-entretenir-la-nuit\/"},"wordCount":750,"publisher":{"@id":"https:\/\/www.curlynights.com\/fr\/#organization"},"image":{"@id":"https:\/\/www.curlynights.com\/fr\/6-coiffures-protectrices-et-comment-les-entretenir-la-nuit\/#primaryimage"},"thumbnailUrl":"https:\/\/www.curlynights.com\/wp-content\/uploads\/2020\/07\/IMG_0089-2.jpg","articleSection":["Non classifi\u00e9(e)"],"inLanguage":"fr-FR"},{"@type":"WebPage","@id":"https:\/\/www.curlynights.com\/fr\/6-coiffures-protectrices-et-comment-les-entretenir-la-nuit\/","url":"https:\/\/www.curlynights.com\/fr\/6-coiffures-protectrices-et-comment-les-entretenir-la-nuit\/","name":"6 coiffures protectrices et comment les entretenir la nuit &#8902; Curly Nights","isPartOf":{"@id":"https:\/\/www.curlynights.com\/fr\/#website"},"primaryImageOfPage":{"@id":"https:\/\/www.curlynights.com\/fr\/6-coiffures-protectrices-et-comment-les-entretenir-la-nuit\/#primaryimage"},"image":{"@id":"https:\/\/www.curlynights.com\/fr\/6-coiffures-protectrices-et-comment-les-entretenir-la-nuit\/#primaryimage"},"thumbnailUrl":"https:\/\/www.curlynights.com\/wp-content\/uploads\/2020\/07\/IMG_0089-2.jpg","datePublished":"2020-10-23T15:16:01+00:00","dateModified":"2024-08-05T15:13:34+00:00","description":"Les coiffures protectrices sont les armes id\u00e9ales des cheveux boucl\u00e9s ou cr\u00e9pus en \u00e9t\u00e9. Id\u00e9es de coiffure et leur entretien de nuit, on vous dit tout !","breadcrumb":{"@id":"https:\/\/www.curlynights.com\/fr\/6-coiffures-protectrices-et-comment-les-entretenir-la-nuit\/#breadcrumb"},"inLanguage":"fr-FR","potentialAction":[{"@type":"ReadAction","target":["https:\/\/www.curlynights.com\/fr\/6-coiffures-protectrices-et-comment-les-entretenir-la-nuit\/"]}]},{"@type":"ImageObject","inLanguage":"fr-FR","@id":"https:\/\/www.curlynights.com\/fr\/6-coiffures-protectrices-et-comment-les-entretenir-la-nuit\/#primaryimage","url":"https:\/\/www.curlynights.com\/wp-content\/uploads\/2020\/07\/IMG_0089-2.jpg","contentUrl":"https:\/\/www.curlynights.com\/wp-content\/uploads\/2020\/07\/IMG_0089-2.jpg","width":824,"height":1024,"caption":"tessa thompson, coiffures protectrices, braids, m\u00e8ches, cheveux boucl\u00e9s, cheveux cr\u00e9pus, cheveux textur\u00e9s"},{"@type":"BreadcrumbList","@id":"https:\/\/www.curlynights.com\/fr\/6-coiffures-protectrices-et-comment-les-entretenir-la-nuit\/#breadcrumb","itemListElement":[{"@type":"ListItem","position":1,"name":"Startseite","item":"https:\/\/www.curlynights.com\/fr\/"},{"@type":"ListItem","position":2,"name":"6 coiffures protectrices et comment les entretenir la nuit"}]},{"@type":"WebSite","@id":"https:\/\/www.curlynights.com\/fr\/#website","url":"https:\/\/www.curlynights.com\/fr\/","name":"Curly Nights","description":"Bonnets de nuit, de soin et taies d&#039;oreiller en wax et satin","publisher":{"@id":"https:\/\/www.curlynights.com\/fr\/#organization"},"potentialAction":[{"@type":"SearchAction","target":{"@type":"EntryPoint","urlTemplate":"https:\/\/www.curlynights.com\/fr\/?s={search_term_string}"},"query-input":{"@type":"PropertyValueSpecification","valueRequired":true,"valueName":"search_term_string"}}],"inLanguage":"fr-FR"},{"@type":"Organization","@id":"https:\/\/www.curlynights.com\/fr\/#organization","name":"Curly Nights","url":"https:\/\/www.curlynights.com\/fr\/","logo":{"@type":"ImageObject","inLanguage":"fr-FR","@id":"https:\/\/www.curlynights.com\/fr\/#\/schema\/logo\/image\/","url":"https:\/\/www.curlynights.com\/wp-content\/uploads\/2018\/08\/cropped-LOGO-GLYNNIS.png","contentUrl":"https:\/\/www.curlynights.com\/wp-content\/uploads\/2018\/08\/cropped-LOGO-GLYNNIS.png","width":1024,"height":276,"caption":"Curly Nights"},"image":{"@id":"https:\/\/www.curlynights.com\/fr\/#\/schema\/logo\/image\/"}},{"@type":"Person","@id":"https:\/\/www.curlynights.com\/fr\/#\/schema\/person\/753d31b1b1b5cb96bd5260e036d753ed","name":"Noa Lecaude","image":{"@type":"ImageObject","inLanguage":"fr-FR","@id":"https:\/\/secure.gravatar.com\/avatar\/f95b8b7c89e708b105e2a2650b2b519cc5e2e6a2e84f2d056feca73575e1b5d0?s=96&d=mm&r=g","url":"https:\/\/secure.gravatar.com\/avatar\/f95b8b7c89e708b105e2a2650b2b519cc5e2e6a2e84f2d056feca73575e1b5d0?s=96&d=mm&r=g","contentUrl":"https:\/\/secure.gravatar.com\/avatar\/f95b8b7c89e708b105e2a2650b2b519cc5e2e6a2e84f2d056feca73575e1b5d0?s=96&d=mm&r=g","caption":"Noa Lecaude"},"url":"https:\/\/www.curlynights.com\/fr\/author\/noa-lecaude\/"}]}},"_links":{"self":[{"href":"https:\/\/www.curlynights.com\/fr\/wp-json\/wp\/v2\/posts\/6717","targetHints":{"allow":["GET"]}}],"collection":[{"href":"https:\/\/www.curlynights.com\/fr\/wp-json\/wp\/v2\/posts"}],"about":[{"href":"https:\/\/www.curlynights.com\/fr\/wp-json\/wp\/v2\/types\/post"}],"author":[{"embeddable":true,"href":"https:\/\/www.curlynights.com\/fr\/wp-json\/wp\/v2\/users\/158"}],"replies":[{"embeddable":true,"href":"https:\/\/www.curlynights.com\/fr\/wp-json\/wp\/v2\/comments?post=6717"}],"version-history":[{"count":14,"href":"https:\/\/www.curlynights.com\/fr\/wp-json\/wp\/v2\/posts\/6717\/revisions"}],"predecessor-version":[{"id":12958,"href":"https:\/\/www.curlynights.com\/fr\/wp-json\/wp\/v2\/posts\/6717\/revisions\/12958"}],"wp:featuredmedia":[{"embeddable":true,"href":"https:\/\/www.curlynights.com\/fr\/wp-json\/wp\/v2\/media\/6722"}],"wp:attachment":[{"href":"https:\/\/www.curlynights.com\/fr\/wp-json\/wp\/v2\/media?parent=6717"}],"wp:term":[{"taxonomy":"category","embeddable":true,"href":"https:\/\/www.curlynights.com\/fr\/wp-json\/wp\/v2\/categories?post=6717"},{"taxonomy":"post_tag","embeddable":true,"href":"https:\/\/www.curlynights.com\/fr\/wp-json\/wp\/v2\/tags?post=6717"}],"curies":[{"name":"wp","href":"https:\/\/api.w.org\/{rel}","templated":true}]}}